{"id":236,"date":"2023-03-08T23:55:00","date_gmt":"2023-03-08T23:55:00","guid":{"rendered":"https:\/\/thedailysocialist.com\/recuperacion\/?p=236"},"modified":"2023-05-13T00:02:24","modified_gmt":"2023-05-13T00:02:24","slug":"8-de-marzo-a-seguir-el-ejemplo-de-las-mujeres-iranies-y-afganas-luchar-contra-el-fundamentalismo-y-el-feminicidio","status":"publish","type":"post","link":"https:\/\/thedailysocialist.com\/recuperacion\/2023\/03\/08\/8-de-marzo-a-seguir-el-ejemplo-de-las-mujeres-iranies-y-afganas-luchar-contra-el-fundamentalismo-y-el-feminicidio\/","title":{"rendered":"8 de marzo: A seguir el ejemplo de las mujeres iran\u00edes y afganas, luchar contra el fundamentalismo y el feminicidio"},"content":{"rendered":"\n<figure class=\"wp-block-image alignwide size-full\"><img loading=\"lazy\" decoding=\"async\" width=\"720\" height=\"800\" src=\"https:\/\/thedailysocialist.com\/recuperacion\/wp-content\/uploads\/2023\/05\/8-de-marzo-dia-internacional-de-la-mujer-trabajadora-clasista-y-combativo-contra-el-fundamentalismo-y-el-feminicidio-copia-2.png\" alt=\"\" class=\"wp-image-237\" srcset=\"https:\/\/thedailysocialist.com\/recuperacion\/wp-content\/uploads\/2023\/05\/8-de-marzo-dia-internacional-de-la-mujer-trabajadora-clasista-y-combativo-contra-el-fundamentalismo-y-el-feminicidio-copia-2.png 720w, https:\/\/thedailysocialist.com\/recuperacion\/wp-content\/uploads\/2023\/05\/8-de-marzo-dia-internacional-de-la-mujer-trabajadora-clasista-y-combativo-contra-el-fundamentalismo-y-el-feminicidio-copia-2-270x300.png 270w\" sizes=\"auto, (max-width: 720px) 100vw, 720px\" \/><\/figure>\n\n\n\n<h2 class=\"wp-block-heading\">Declaraci\u00f3n del D\u00eda de las Mujeres Trabajadoras<\/h2>\n\n\n\n<p>El D\u00eda de la Mujer Trabajadora corresponde a una larga tradici\u00f3n de lucha, movilizaciones, huelgas y m\u00e1s, condensada por la II Conferencia Internacional de Mujeres Socialistas en 1910 y posteriormente por la Revoluci\u00f3n Rusa de 1917 bajo el lema de \u201cpan y paz\u201d ante la monarqu\u00eda, la patronal y la guerra imperialista, siendo hasta 1977 apropiada por la Organizaci\u00f3n de Naciones Unidas y transform\u00e1ndolo en el \u201cD\u00eda Internacional por los Derechos de la Mujer y la Paz Internacional\u201d en un contexto de Guerra Fr\u00eda, donde dicha enunciaci\u00f3n tuvo como objeto extirpar el car\u00e1cter anticolonial, antiracista, antiimperialista, anticapitalista y emancipatorio m\u00e1s all\u00e1 del sufragismo o las reformas, sin olvidar el car\u00e1cter antipatriarcal.<\/p>\n\n\n\n<p>Hoy d\u00eda a nivel mundial la lucha por la emancipaci\u00f3n de la mujer ha tenido un grave retroceso. Hace cien a\u00f1os las oleadas revolucionarias alcanzaban conquistas sumamente avanzadas, pero ante la derrota de la revoluci\u00f3n internacional ahora un pu\u00f1ado de familias y pa\u00edses a nivel planetario son responsables de grandes devastaciones cada vez m\u00e1s agravadas en todo el globo. Los se\u00f1ores de la guerra y el dinero hacen entonces de las suyas, los imperialismos confrontados de oriente y occidente, mientras dejan a su paso miseria, terror y muerte. De ah\u00ed que los grupos m\u00e1s retr\u00f3grados y viles impulsen reg\u00edmenes y pr\u00e1cticas fundamentalistas, esclavistas o abiertamente sanguinarios, que la delincuencia amplifique sus repugnantes negocios y que las consecuencias de la policrisis, econ\u00f3mica, clim\u00e1tica, social, tengan una especial afectaci\u00f3n de g\u00e9nero.<\/p>\n\n\n\n<p>Es por ello que desde Izquierda Internacional, reafirmamos nuestra solidaridad, apoyo y reivindicaci\u00f3n de la lucha de las mujeres iran\u00edes y afganas en contra de sus Estados teocr\u00e1ticos, as\u00ed como de los movimientos en contra de la mutilaci\u00f3n femenina, el feminicidio, la trata, los castigos f\u00edsicos, el abuso, la discriminaci\u00f3n, contra de toda opresi\u00f3n&nbsp; sin justificaci\u00f3n, no queremos un mundo con violadores e impunidad. Tambi\u00e9n apoyamos las luchas en la mejora de las condiciones y derechos de las mujeres trabajadoras, la equidad salarial y de puestos de trabajo,derecho a la salud, a la vivienda, derecho a la maternidad deseada, al libre y pleno ejercicio de su sexualidad, derechos pol\u00edticos, el derecho a la leg\u00edtima defensa, entre otros, siendo conscientes de que la \u00fanica garant\u00eda de mejora consistente y sustancial es el cambio revolucionario.&nbsp;<\/p>\n\n\n\n<p>Las compa\u00f1eras agrupadas alrededor de Izquierda Internacional remarcamos la centralidad indispensable del car\u00e1cter de independencia de clase en la lucha revolucionaria, los avances que se han conseguido en ciertos sectores debemos de expandirlos y desarrollarlos mundial y masivamente, aprovechamos para invitar a tomar en nuestras manos estos objetivos y construir una vanguardia s\u00f3lida ante el extincionismo capitalista y patriarcal. No mantendremos la sumisi\u00f3n y paciencia el Estado capitalista y pratriarcal para que en 500 a\u00f1os, cuando la extinci\u00f3n ya nos haya hecho polvo nos \u2018concedan\u2019 la \u2018igualdad\u2019, no nos empodera integrarnos a la clase y oligarqu\u00edas explotadoras y opresoras, debemos hoy por hoy impulsar nuestra unidad independiente, organizaci\u00f3n y autodefensa y ataque bajo la discusi\u00f3n democr\u00e1tica en las calles, el barrio, el trabajo, las comunidades y las ciudades.&nbsp;<\/p>\n\n\n\n<p>\u00a1Ninguna confianza en el Estado burgu\u00e9s, su&nbsp; justicia, las iglesias y la polic\u00eda!<\/p>\n\n\n\n<p>\u00a1Organic\u00e9monos contra el feminicidio, la trata, ablaciones, secuestros y abusos!<\/p>\n\n\n\n<p>\u00a1Ganaremos esta lucha cueste lo que cueste!<\/p>\n\n\n\n<p>\u00a1Socialismo o extinci\u00f3n!<\/p>\n\n\n\n<p>#8M #DiaDeLaMujer #NiUnaMenos #VivasNosQueremos #internationalwomensday #AlertaFeminista #MujerTrabajadora #HuelgaFeminista #MujerContraElCapital #AbortoLegal #AbortoLegalySeguro #MaternidadDeseada ##BastaPederast\u00eda #LaPolic\u00edaNoMeCuida #NiCalladasNiSumisas #AbajoElPatriarcado #LoVamosATirar #ContraelCapitalyelPatriarcado #diaInternacionalDeLaMujer #Feminismo #NoM\u00e1sFeminicidios #Marcha8m #MujeresContraLaViolencia #MujeresContraElRacismo #MujeresContraElCapirtal #AutodefensaFeminista #AutodefensaFemenina #AltoalaTrata #AltoAlFeminicidio<\/p>\n\n\n\n<p><\/p>\n","protected":false},"excerpt":{"rendered":"<p>Declaraci\u00f3n del D\u00eda de las Mujeres Trabajadoras El D\u00eda de la Mujer Trabajadora corresponde a una larga tradici\u00f3n de lucha,<\/p>\n<p><a href=\"https:\/\/thedailysocialist.com\/recuperacion\/2023\/03\/08\/8-de-marzo-a-seguir-el-ejemplo-de-las-mujeres-iranies-y-afganas-luchar-contra-el-fundamentalismo-y-el-feminicidio\/\" class=\"more-link\">Continue reading<span class=\"screen-reader-text\">8 de marzo: A seguir el ejemplo de las mujeres iran\u00edes y afganas, luchar contra el fundamentalismo y el feminicidio<\/span><\/a><\/p>\n","protected":false},"author":1,"featured_media":237,"comment_status":"open","ping_status":"open","sticky":false,"template":"","format":"standard","meta":{"footnotes":""},"categories":[26,23,24,12,11,29,25,22,16,14,17,20,19,13,15],"tags":[],"class_list":["post-236","post","type-post","status-publish","format-standard","has-post-thumbnail","hentry","category-africa","category-america_latina","category-asia","category-campanas","category-declaraciones","category-eurasia","category-europa_occidental","category-internacional","category-juventud","category-lucha_contra_la_extincion","category-mujer","category-mundo","category-solidaridad_internacionalista","category-temas","category-trabajadores"],"_links":{"self":[{"href":"https:\/\/thedailysocialist.com\/recuperacion\/wp-json\/wp\/v2\/posts\/236","targetHints":{"allow":["GET"]}}],"collection":[{"href":"https:\/\/thedailysocialist.com\/recuperacion\/wp-json\/wp\/v2\/posts"}],"about":[{"href":"https:\/\/thedailysocialist.com\/recuperacion\/wp-json\/wp\/v2\/types\/post"}],"author":[{"embeddable":true,"href":"https:\/\/thedailysocialist.com\/recuperacion\/wp-json\/wp\/v2\/users\/1"}],"replies":[{"embeddable":true,"href":"https:\/\/thedailysocialist.com\/recuperacion\/wp-json\/wp\/v2\/comments?post=236"}],"version-history":[{"count":3,"href":"https:\/\/thedailysocialist.com\/recuperacion\/wp-json\/wp\/v2\/posts\/236\/revisions"}],"predecessor-version":[{"id":240,"href":"https:\/\/thedailysocialist.com\/recuperacion\/wp-json\/wp\/v2\/posts\/236\/revisions\/240"}],"wp:featuredmedia":[{"embeddable":true,"href":"https:\/\/thedailysocialist.com\/recuperacion\/wp-json\/wp\/v2\/media\/237"}],"wp:attachment":[{"href":"https:\/\/thedailysocialist.com\/recuperacion\/wp-json\/wp\/v2\/media?parent=236"}],"wp:term":[{"taxonomy":"category","embeddable":true,"href":"https:\/\/thedailysocialist.com\/recuperacion\/wp-json\/wp\/v2\/categories?post=236"},{"taxonomy":"post_tag","embeddable":true,"href":"https:\/\/thedailysocialist.com\/recuperacion\/wp-json\/wp\/v2\/tags?post=236"}],"curies":[{"name":"wp","href":"https:\/\/api.w.org\/{rel}","templated":true}]}}